{"id":77,"date":"2008-11-08T12:49:42","date_gmt":"2008-11-08T10:49:42","guid":{"rendered":"http:\/\/www.steffen-noe.de\/blog\/?p=77"},"modified":"2024-06-30T09:49:26","modified_gmt":"2024-06-30T07:49:26","slug":"organspendeausweis","status":"publish","type":"post","link":"https:\/\/www.von-steht.de\/blog\/organspendeausweis\/","title":{"rendered":"Organspendeausweis"},"content":{"rendered":"<p style=\"text-align: justify;\">Es d\u00fcrfte jedem klar sein, dass das Ausf\u00fcllen und Mitf\u00fchren eines Organspendeausweises sinnvoll ist. <a href=\"https:\/\/www.organspende-info.de\/organspendeausweis-download-und-bestellen\/\">Hier<\/a> k\u00f6nnt ihr euch einen Ausweis kostenlos zusenden lassen. Danke an Matthias f\u00fcr den Tipp!<\/p>\n<blockquote style=\"text-align: justify;\"><p>Der Organspendeausweis, den der spendebereite B\u00fcrger bei sich tr\u00e4gt, schafft Klarheit. Wenn er nicht vorliegt, m\u00fcssen im Fall eines Unfalls oder einer pl\u00f6tzlichen schweren Erkrankung ansonsten die Angeh\u00f6rigen entscheiden; der Betroffene h\u00e4tte dann keine M\u00f6glichkeit mehr, sein Pers\u00f6nlichkeitsrecht wahrzunehmen. Zudem entlastet der Ausweis die Angeh\u00f6rigen in einer bedr\u00fcckenden Situation von einer schwerwiegenden Entscheidung. Im seit 1997 ge\u00e4nderten Organspendeausweis kann man das Einverst\u00e4ndnis zur Organspende entweder generell erteilen, oder man kann es auf bestimmte Organe oder Gewebe einschr\u00e4nken oder einer Organspende widersprechen. In der Zeile &#8222;Anmerkungen \/Besondere Hinweise&#8220; kann man eine Person benennen, die im Todesfall benachrichtigt werden soll. Der Organspendeausweis wird an keiner offiziellen Stelle registriert oder hinterlegt.<\/p><\/blockquote>\n","protected":false},"excerpt":{"rendered":"<p>Es d\u00fcrfte jedem klar sein, dass das Ausf\u00fcllen und Mitf\u00fchren eines Organspendeausweises sinnvoll ist. Hier k\u00f6nnt ihr euch einen Ausweis kostenlos zusenden lassen. Danke an Matthias f\u00fcr den Tipp! Der Organspendeausweis, den der spendebereite B\u00fcrger bei sich tr\u00e4gt, schafft Klarheit. Wenn er nicht vorliegt, m\u00fcssen im Fall eines Unfalls oder einer pl\u00f6tzlichen schweren Erkrankung ansonsten [&hellip;]<\/p>\n","protected":false},"author":1,"featured_media":0,"comment_status":"open","ping_status":"closed","sticky":false,"template":"","format":"standard","meta":{"jetpack_post_was_ever_published":false,"_jetpack_newsletter_access":"","_jetpack_dont_email_post_to_subs":false,"_jetpack_newsletter_tier_id":0,"_jetpack_memberships_contains_paywalled_content":false,"_jetpack_memberships_contains_paid_content":false,"footnotes":"","jetpack_publicize_message":"","jetpack_publicize_feature_enabled":true,"jetpack_social_post_already_shared":false,"jetpack_social_options":{"image_generator_settings":{"template":"highway","default_image_id":0,"font":"","enabled":false},"version":2}},"categories":[1],"tags":[],"class_list":["post-77","post","type-post","status-publish","format-standard","hentry","category-allgemeines"],"jetpack_publicize_connections":[],"jetpack_featured_media_url":"","jetpack_sharing_enabled":true,"jetpack_shortlink":"https:\/\/wp.me\/p7NTtG-1f","_links":{"self":[{"href":"https:\/\/www.von-steht.de\/blog\/wp-json\/wp\/v2\/posts\/77","targetHints":{"allow":["GET"]}}],"collection":[{"href":"https:\/\/www.von-steht.de\/blog\/wp-json\/wp\/v2\/posts"}],"about":[{"href":"https:\/\/www.von-steht.de\/blog\/wp-json\/wp\/v2\/types\/post"}],"author":[{"embeddable":true,"href":"https:\/\/www.von-steht.de\/blog\/wp-json\/wp\/v2\/users\/1"}],"replies":[{"embeddable":true,"href":"https:\/\/www.von-steht.de\/blog\/wp-json\/wp\/v2\/comments?post=77"}],"version-history":[{"count":4,"href":"https:\/\/www.von-steht.de\/blog\/wp-json\/wp\/v2\/posts\/77\/revisions"}],"predecessor-version":[{"id":745,"href":"https:\/\/www.von-steht.de\/blog\/wp-json\/wp\/v2\/posts\/77\/revisions\/745"}],"wp:attachment":[{"href":"https:\/\/www.von-steht.de\/blog\/wp-json\/wp\/v2\/media?parent=77"}],"wp:term":[{"taxonomy":"category","embeddable":true,"href":"https:\/\/www.von-steht.de\/blog\/wp-json\/wp\/v2\/categories?post=77"},{"taxonomy":"post_tag","embeddable":true,"href":"https:\/\/www.von-steht.de\/blog\/wp-json\/wp\/v2\/tags?post=77"}],"curies":[{"name":"wp","href":"https:\/\/api.w.org\/{rel}","templated":true}]}}